{"id":6191,"date":"2025-04-16T23:21:03","date_gmt":"2025-04-16T21:21:03","guid":{"rendered":"https:\/\/tourismer-asso.org\/?p=6191"},"modified":"2025-04-16T23:22:13","modified_gmt":"2025-04-16T21:22:13","slug":"lart-brut-diran-une-premiere-inedite-en-france-a-la-halle-saint-pierre","status":"publish","type":"post","link":"https:\/\/tourismer-asso.org\/en\/lart-brut-diran-une-premiere-inedite-en-france-a-la-halle-saint-pierre\/","title":{"rendered":"L\u2019Art Brut d\u2019Iran : Une Premi\u00e8re In\u00e9dite en France \u00e0 la Halle Saint Pierre"},"content":{"rendered":"\t\t<div data-elementor-type=\"wp-post\" data-elementor-id=\"6191\" class=\"elementor elementor-6191\">\n\t\t\t\t<div class=\"elementor-element elementor-element-6d8c9f3 e-flex e-con-boxed wpr-particle-no wpr-jarallax-no wpr-parallax-no wpr-sticky-section-no wpr-equal-height-no e-con e-parent\" data-id=\"6d8c9f3\" data-element_type=\"container\" data-e-type=\"container\">\n\t\t\t\t\t<div class=\"e-con-inner\">\n\t\t\t\t<div class=\"elementor-element elementor-element-935b4fb elementor-widget elementor-widget-text-editor\" data-id=\"935b4fb\" data-element_type=\"widget\" data-e-type=\"widget\" data-widget_type=\"text-editor.default\">\n\t\t\t\t<div class=\"elementor-widget-container\">\n\t\t\t\t\t\t\t\t\t<p class=\"\" data-start=\"0\" data-end=\"126\">\u200b<span class=\"relative -mx-px my-[-0.2rem] rounded px-px py-[0.2rem] transition-colors duration-100 ease-in-out\">L&rsquo;exposition <strong data-start=\"13\" data-end=\"38\">\u00ab L&rsquo;Art Brut d&rsquo;Iran \u00bb<\/strong> se tient \u00e0 la <strong data-start=\"53\" data-end=\"75\">Halle Saint Pierre<\/strong> \u00e0 Paris du <strong data-start=\"87\" data-end=\"120\">12 f\u00e9vrier au 31 juillet 2025<\/strong>, offrant une plong\u00e9e in\u00e9dite dans l&rsquo;univers de l&rsquo;art brut iranien.<\/span> <span class=\"relative -mx-px my-[-0.2rem] rounded px-px py-[0.2rem] transition-colors duration-100 ease-in-out\">C&rsquo;est la premi\u00e8re fois en France qu&rsquo;une exposition est enti\u00e8rement d\u00e9di\u00e9e \u00e0 cet art outsider venu d&rsquo;Iran.<\/span>\u200b<\/p><h3 class=\"\" data-start=\"128\" data-end=\"171\">Une immersion dans l&rsquo;imaginaire iranien<\/h3><p class=\"\" data-start=\"173\" data-end=\"292\"><span class=\"relative -mx-px my-[-0.2rem] rounded px-px py-[0.2rem] transition-colors duration-100 ease-in-out\">L&rsquo;exposition r\u00e9unit les \u0153uvres de <strong data-start=\"34\" data-end=\"71\">24 artistes autodidactes iraniens<\/strong>, dont les cr\u00e9ations \u00e9chappent aux normes acad\u00e9miques et expriment une cr\u00e9ativit\u00e9 brute et sinc\u00e8re.<\/span> <span class=\"relative -mx-px my-[-0.2rem] rounded px-px py-[0.2rem] transition-colors duration-100 ease-in-out\">Ces artistes, souvent en marge des circuits officiels, puisent leur inspiration dans les traditions culturelles mill\u00e9naires de l&rsquo;Iran, telles que le zoroastrisme, le soufisme, la po\u00e9sie mystique, l&rsquo;architecture raffin\u00e9e et les arts d\u00e9coratifs comme la miniature et la calligraphie.<\/span>\u200b<\/p><p class=\"\" data-start=\"173\" data-end=\"292\">Plus d&rsquo;informations:\u00a0<a href=\"https:\/\/www.hallesaintpierre.org\/lart-brut-diran\/\" target=\"_blank\" rel=\"noopener\"> ICI<\/a><\/p>\t\t\t\t\t\t\t\t<\/div>\n\t\t\t\t<\/div>\n\t\t\t\t\t<\/div>\n\t\t\t\t<\/div>\n\t\t<div class=\"elementor-element elementor-element-f6da4ca e-flex e-con-boxed wpr-particle-no wpr-jarallax-no wpr-parallax-no wpr-sticky-section-no wpr-equal-height-no e-con e-parent\" data-id=\"f6da4ca\" data-element_type=\"container\" data-e-type=\"container\">\n\t\t\t\t\t<div class=\"e-con-inner\">\n\t\t\t\t<div class=\"elementor-element elementor-element-2d2c923 elementor-widget elementor-widget-image\" data-id=\"2d2c923\" data-element_type=\"widget\" data-e-type=\"widget\" data-widget_type=\"image.default\">\n\t\t\t\t<div class=\"elementor-widget-container\">\n\t\t\t\t\t\t\t\t\t\t\t\t\t\t\t<img fetchpriority=\"high\" decoding=\"async\" width=\"500\" height=\"500\" src=\"https:\/\/tourismer-asso.org\/wp-content\/uploads\/2025\/04\/LArt-Brut-dIran.jpg\" class=\"attachment-large size-large wp-image-6192\" alt=\"\" srcset=\"https:\/\/tourismer-asso.org\/wp-content\/uploads\/2025\/04\/LArt-Brut-dIran.jpg 500w, https:\/\/tourismer-asso.org\/wp-content\/uploads\/2025\/04\/LArt-Brut-dIran-300x300.jpg 300w, https:\/\/tourismer-asso.org\/wp-content\/uploads\/2025\/04\/LArt-Brut-dIran-150x150.jpg 150w, https:\/\/tourismer-asso.org\/wp-content\/uploads\/2025\/04\/LArt-Brut-dIran-12x12.jpg 12w\" sizes=\"(max-width: 500px) 100vw, 500px\" \/>\t\t\t\t\t\t\t\t\t\t\t\t\t\t\t<\/div>\n\t\t\t\t<\/div>\n\t\t\t\t\t<\/div>\n\t\t\t\t<\/div>\n\t\t\t\t<\/div>\n\t\t","protected":false},"excerpt":{"rendered":"<p>\u200bL&rsquo;exposition \u00ab L&rsquo;Art Brut d&rsquo;Iran \u00bb se tient \u00e0 la Halle Saint Pierre \u00e0 Paris du 12 f\u00e9vrier au 31 juillet 2025, offrant une plong\u00e9e in\u00e9dite dans l&rsquo;univers de l&rsquo;art brut iranien. C&rsquo;est la premi\u00e8re fois en France qu&rsquo;une exposition est enti\u00e8rement d\u00e9di\u00e9e \u00e0 cet art outsider venu d&rsquo;Iran.\u200b Une immersion dans l&rsquo;imaginaire iranien L&rsquo;exposition r\u00e9unit les \u0153uvres de 24 artistes autodidactes iraniens, dont les cr\u00e9ations \u00e9chappent aux normes acad\u00e9miques et expriment une cr\u00e9ativit\u00e9 brute et sinc\u00e8re. Ces artistes, souvent en marge des circuits officiels, puisent leur inspiration dans les traditions culturelles mill\u00e9naires de l&rsquo;Iran, telles que le zoroastrisme, le soufisme, la po\u00e9sie mystique, l&rsquo;architecture raffin\u00e9e et les arts d\u00e9coratifs comme la miniature et la calligraphie.\u200b Plus d&rsquo;informations:\u00a0 ICI<\/p>","protected":false},"author":1,"featured_media":6192,"comment_status":"open","ping_status":"open","sticky":false,"template":"","format":"standard","meta":{"footnotes":""},"categories":[10],"tags":[60],"class_list":["post-6191","post","type-post","status-publish","format-standard","has-post-thumbnail","hentry","category-arts-classiques","tag-iran"],"_links":{"self":[{"href":"https:\/\/tourismer-asso.org\/en\/wp-json\/wp\/v2\/posts\/6191","targetHints":{"allow":["GET"]}}],"collection":[{"href":"https:\/\/tourismer-asso.org\/en\/wp-json\/wp\/v2\/posts"}],"about":[{"href":"https:\/\/tourismer-asso.org\/en\/wp-json\/wp\/v2\/types\/post"}],"author":[{"embeddable":true,"href":"https:\/\/tourismer-asso.org\/en\/wp-json\/wp\/v2\/users\/1"}],"replies":[{"embeddable":true,"href":"https:\/\/tourismer-asso.org\/en\/wp-json\/wp\/v2\/comments?post=6191"}],"version-history":[{"count":0,"href":"https:\/\/tourismer-asso.org\/en\/wp-json\/wp\/v2\/posts\/6191\/revisions"}],"wp:featuredmedia":[{"embeddable":true,"href":"https:\/\/tourismer-asso.org\/en\/wp-json\/wp\/v2\/media\/6192"}],"wp:attachment":[{"href":"https:\/\/tourismer-asso.org\/en\/wp-json\/wp\/v2\/media?parent=6191"}],"wp:term":[{"taxonomy":"category","embeddable":true,"href":"https:\/\/tourismer-asso.org\/en\/wp-json\/wp\/v2\/categories?post=6191"},{"taxonomy":"post_tag","embeddable":true,"href":"https:\/\/tourismer-asso.org\/en\/wp-json\/wp\/v2\/tags?post=6191"}],"curies":[{"name":"wp","href":"https:\/\/api.w.org\/{rel}","templated":true}]}}