{"id":7485,"date":"2025-10-29T23:24:09","date_gmt":"2025-10-29T22:24:09","guid":{"rendered":"https:\/\/tourismer-asso.org\/?p=7485"},"modified":"2025-10-29T23:25:33","modified_gmt":"2025-10-29T22:25:33","slug":"ce-qui-se-trame-histoires-tissees-entre-linde-et-la-france","status":"publish","type":"post","link":"https:\/\/tourismer-asso.org\/en\/ce-qui-se-trame-histoires-tissees-entre-linde-et-la-france\/","title":{"rendered":"Ce qui se trame \u2013 Histoires tiss\u00e9es entre l\u2019Inde et la France"},"content":{"rendered":"<div data-elementor-type=\"wp-post\" data-elementor-id=\"7485\" class=\"elementor elementor-7485\">\n\t\t\t\t<div class=\"elementor-element elementor-element-b5f9222 e-flex e-con-boxed wpr-particle-no wpr-jarallax-no wpr-parallax-no wpr-sticky-section-no wpr-equal-height-no e-con e-parent\" data-id=\"b5f9222\" data-element_type=\"container\" data-e-type=\"container\">\n\t\t\t\t\t<div class=\"e-con-inner\">\n\t\t\t\t<div class=\"elementor-element elementor-element-e7c4ab2 elementor-widget elementor-widget-text-editor\" data-id=\"e7c4ab2\" data-element_type=\"widget\" data-e-type=\"widget\" data-widget_type=\"text-editor.default\">\n\t\t\t\t<div class=\"elementor-widget-container\">\n\t\t\t\t\t\t\t\t\t<p data-start=\"289\" data-end=\"375\"><strong data-start=\"289\" data-end=\"375\">Exposition et festival au Mobilier national \u2013 du 4 d\u00e9cembre 2025 au 4 janvier 2026<\/strong><\/p><p data-start=\"377\" data-end=\"726\">Le Mobilier national met \u00e0 l\u2019honneur la cr\u00e9ation textile de l\u2019Inde et de la France, deux traditions qui se croisent et s\u2019inspirent depuis des si\u00e8cles. Du 4 d\u00e9cembre 2025 au 4 janvier 2026, l\u2019exposition <em data-start=\"591\" data-end=\"654\">Ce qui se trame \u2013 Histoires tiss\u00e9es entre l\u2019Inde et la France<\/em> propose une immersion dans cet \u00e9change artistique et culturel unique.<\/p><p data-start=\"728\" data-end=\"1153\">Plac\u00e9e sous la direction artistique de Christian Louboutin et le commissariat de Mayank Kaul, l\u2019exposition r\u00e9unit cr\u00e9ations contemporaines, pi\u00e8ces patrimoniales et tr\u00e9sors d\u2019institutions fran\u00e7aises et indiennes. De la magnificence des tentes mogholes du XVII\u1d49 si\u00e8cle aux d\u00e9fil\u00e9s de haute couture, ce parcours en huit sections retrace pr\u00e8s de quatre si\u00e8cles d\u2019influences textiles entre les deux pays.<\/p><p data-start=\"1155\" data-end=\"1520\">Cette manifestation exceptionnelle se prolonge avec un festival ouvert au public les 6 et 7 d\u00e9cembre 2025, organis\u00e9 par l\u2019Institut fran\u00e7ais.<\/p><p data-start=\"1155\" data-end=\"1520\">Ateliers, d\u00e9monstrations d\u2019artisans, performances, signatures et conf\u00e9rences viendront faire vivre ces savoir-faire d\u2019exception dans un esprit de partage et de dialogue entre cr\u00e9ateurs, cultures et g\u00e9n\u00e9rations.<\/p><p data-start=\"1155\" data-end=\"1520\">Plus d&rsquo;information sur <em>https:\/\/www.institutfrancais.com\/fr\/magazine\/metiers-dart-design\/ce-qui-se-trame-dialogue-franco-indien-autour-du-textile<\/em><\/p>\t\t\t\t\t\t\t\t<\/div>\n\t\t\t\t<\/div>\n\t\t\t\t\t<\/div>\n\t\t\t\t<\/div>\n\t\t<div class=\"elementor-element elementor-element-e9ed428 e-flex e-con-boxed wpr-particle-no wpr-jarallax-no wpr-parallax-no wpr-sticky-section-no wpr-equal-height-no e-con e-parent\" data-id=\"e9ed428\" data-element_type=\"container\" data-e-type=\"container\">\n\t\t\t\t\t<div class=\"e-con-inner\">\n\t\t\t\t<div class=\"elementor-element elementor-element-ace1c64 elementor-widget elementor-widget-image\" data-id=\"ace1c64\" data-element_type=\"widget\" data-e-type=\"widget\" data-widget_type=\"image.default\">\n\t\t\t\t<div class=\"elementor-widget-container\">\n\t\t\t\t\t\t\t\t\t\t\t\t\t\t\t<img fetchpriority=\"high\" decoding=\"async\" width=\"800\" height=\"540\" src=\"https:\/\/tourismer-asso.org\/wp-content\/uploads\/2025\/10\/Ce-qui-se-trame-\u2013-Histoires-tissees-entre-lInde-et-la-France-1024x691.png\" class=\"attachment-large size-large wp-image-7488\" alt=\"\" srcset=\"https:\/\/tourismer-asso.org\/wp-content\/uploads\/2025\/10\/Ce-qui-se-trame-\u2013-Histoires-tissees-entre-lInde-et-la-France-1024x691.png 1024w, https:\/\/tourismer-asso.org\/wp-content\/uploads\/2025\/10\/Ce-qui-se-trame-\u2013-Histoires-tissees-entre-lInde-et-la-France-300x203.png 300w, https:\/\/tourismer-asso.org\/wp-content\/uploads\/2025\/10\/Ce-qui-se-trame-\u2013-Histoires-tissees-entre-lInde-et-la-France-768x518.png 768w, https:\/\/tourismer-asso.org\/wp-content\/uploads\/2025\/10\/Ce-qui-se-trame-\u2013-Histoires-tissees-entre-lInde-et-la-France-18x12.png 18w, https:\/\/tourismer-asso.org\/wp-content\/uploads\/2025\/10\/Ce-qui-se-trame-\u2013-Histoires-tissees-entre-lInde-et-la-France.png 1200w\" sizes=\"(max-width: 800px) 100vw, 800px\" \/>\t\t\t\t\t\t\t\t\t\t\t\t\t\t\t<\/div>\n\t\t\t\t<\/div>\n\t\t\t\t\t<\/div>\n\t\t\t\t<\/div>\n\t\t\t\t<\/div>","protected":false},"excerpt":{"rendered":"<p>Exposition et festival au Mobilier national \u2013 du 4 d\u00e9cembre 2025 au 4 janvier 2026 Le Mobilier national met \u00e0 l\u2019honneur la cr\u00e9ation textile de l\u2019Inde et de la France, deux traditions qui se croisent et s\u2019inspirent depuis des si\u00e8cles. Du 4 d\u00e9cembre 2025 au 4 janvier 2026, l\u2019exposition Ce qui se trame \u2013 Histoires tiss\u00e9es entre l\u2019Inde et la France propose une immersion dans cet \u00e9change artistique et culturel unique. Plac\u00e9e sous la direction artistique de Christian Louboutin et le commissariat de Mayank Kaul, l\u2019exposition r\u00e9unit cr\u00e9ations contemporaines, pi\u00e8ces patrimoniales et tr\u00e9sors d\u2019institutions fran\u00e7aises et indiennes. De la magnificence des tentes mogholes du XVII\u1d49 si\u00e8cle aux d\u00e9fil\u00e9s de haute couture, ce parcours en huit sections retrace pr\u00e8s de quatre si\u00e8cles d\u2019influences textiles entre les deux pays. Cette manifestation exceptionnelle se prolonge avec un festival ouvert au public les 6 et 7 d\u00e9cembre 2025, organis\u00e9 par l\u2019Institut fran\u00e7ais. Ateliers, d\u00e9monstrations d\u2019artisans, performances, signatures et conf\u00e9rences viendront faire vivre ces savoir-faire d\u2019exception dans un esprit de partage et de dialogue entre cr\u00e9ateurs, cultures et g\u00e9n\u00e9rations. Plus d&rsquo;information sur https:\/\/www.institutfrancais.com\/fr\/magazine\/metiers-dart-design\/ce-qui-se-trame-dialogue-franco-indien-autour-du-textile<\/p>","protected":false},"author":1,"featured_media":7486,"comment_status":"open","ping_status":"open","sticky":false,"template":"","format":"standard","meta":{"footnotes":""},"categories":[17],"tags":[33],"class_list":["post-7485","post","type-post","status-publish","format-standard","has-post-thumbnail","hentry","category-textile","tag-inde"],"_links":{"self":[{"href":"https:\/\/tourismer-asso.org\/en\/wp-json\/wp\/v2\/posts\/7485","targetHints":{"allow":["GET"]}}],"collection":[{"href":"https:\/\/tourismer-asso.org\/en\/wp-json\/wp\/v2\/posts"}],"about":[{"href":"https:\/\/tourismer-asso.org\/en\/wp-json\/wp\/v2\/types\/post"}],"author":[{"embeddable":true,"href":"https:\/\/tourismer-asso.org\/en\/wp-json\/wp\/v2\/users\/1"}],"replies":[{"embeddable":true,"href":"https:\/\/tourismer-asso.org\/en\/wp-json\/wp\/v2\/comments?post=7485"}],"version-history":[{"count":0,"href":"https:\/\/tourismer-asso.org\/en\/wp-json\/wp\/v2\/posts\/7485\/revisions"}],"wp:featuredmedia":[{"embeddable":true,"href":"https:\/\/tourismer-asso.org\/en\/wp-json\/wp\/v2\/media\/7486"}],"wp:attachment":[{"href":"https:\/\/tourismer-asso.org\/en\/wp-json\/wp\/v2\/media?parent=7485"}],"wp:term":[{"taxonomy":"category","embeddable":true,"href":"https:\/\/tourismer-asso.org\/en\/wp-json\/wp\/v2\/categories?post=7485"},{"taxonomy":"post_tag","embeddable":true,"href":"https:\/\/tourismer-asso.org\/en\/wp-json\/wp\/v2\/tags?post=7485"}],"curies":[{"name":"wp","href":"https:\/\/api.w.org\/{rel}","templated":true}]}}