{"id":7642,"date":"2025-11-22T00:04:43","date_gmt":"2025-11-21T23:04:43","guid":{"rendered":"https:\/\/tourismer-asso.org\/?p=7642"},"modified":"2025-11-22T00:06:23","modified_gmt":"2025-11-21T23:06:23","slug":"soweto-choir-en-tournee-en-france","status":"publish","type":"post","link":"https:\/\/tourismer-asso.org\/en\/soweto-choir-en-tournee-en-france\/","title":{"rendered":"Soweto Choir en Tourn\u00e9e en France"},"content":{"rendered":"<div data-elementor-type=\"wp-post\" data-elementor-id=\"7642\" class=\"elementor elementor-7642\">\n\t\t\t\t<div class=\"elementor-element elementor-element-6770641 e-flex e-con-boxed wpr-particle-no wpr-jarallax-no wpr-parallax-no wpr-sticky-section-no wpr-equal-height-no e-con e-parent\" data-id=\"6770641\" data-element_type=\"container\" data-e-type=\"container\">\n\t\t\t\t\t<div class=\"e-con-inner\">\n\t\t\t\t<div class=\"elementor-element elementor-element-ae46a23 elementor-widget elementor-widget-text-editor\" data-id=\"ae46a23\" data-element_type=\"widget\" data-e-type=\"widget\" data-widget_type=\"text-editor.default\">\n\t\t\t\t<div class=\"elementor-widget-container\">\n\t\t\t\t\t\t\t\t\t<p data-start=\"150\" data-end=\"537\">Venez vibrer au rythme des chants traditionnels d\u2019Afrique du Sud avec le Soweto Choir, une chorale engag\u00e9e qui porte un message de paix, d\u2019espoir et d\u2019unit\u00e9, h\u00e9rit\u00e9e des valeurs de Nelson Mandela. Fond\u00e9 par Jimmy Mulovhedzi, fils du cr\u00e9ateur du Soweto Gospel Choir (multi-prim\u00e9 aux Grammy Awards), l\u2019ensemble transmet une \u00e9nergie bouleversante m\u00ealant voix, percussions et danses.<\/p><p data-start=\"539\" data-end=\"558\">Rendez-vous :<\/p><ul data-start=\"559\" data-end=\"774\"><li data-start=\"559\" data-end=\"621\"><p data-start=\"561\" data-end=\"621\">24 novembre \u2013 19h30 : Atelier de chants \u00e0 Chabeuil<\/p><\/li><li data-start=\"622\" data-end=\"695\"><p data-start=\"624\" data-end=\"695\">26 novembre \u2013 20h00 : Concert au Temple de Portes-l\u00e8s-Valence<\/p><\/li><li data-start=\"696\" data-end=\"774\"><p data-start=\"698\" data-end=\"774\">20 d\u00e9cembre \u2013 20h30 : Grand concert \u00e0 la Salle des f\u00eates de Suresnes<\/p><\/li><\/ul><p data-start=\"776\" data-end=\"842\" data-is-last-node=\"\" data-is-only-node=\"\">Un tourbillon de joie, de culture et d\u2019\u00e9motions \u00e0 ne pas manquer !<\/p>\t\t\t\t\t\t\t\t<\/div>\n\t\t\t\t<\/div>\n\t\t\t\t\t<\/div>\n\t\t\t\t<\/div>\n\t\t<div class=\"elementor-element elementor-element-a7a2cee e-flex e-con-boxed wpr-particle-no wpr-jarallax-no wpr-parallax-no wpr-sticky-section-no wpr-equal-height-no e-con e-parent\" data-id=\"a7a2cee\" data-element_type=\"container\" data-e-type=\"container\">\n\t\t\t\t\t<div class=\"e-con-inner\">\n\t\t\t\t<div class=\"elementor-element elementor-element-5c09e5e elementor-widget elementor-widget-image\" data-id=\"5c09e5e\" data-element_type=\"widget\" data-e-type=\"widget\" data-widget_type=\"image.default\">\n\t\t\t\t<div class=\"elementor-widget-container\">\n\t\t\t\t\t\t\t\t\t\t\t\t\t\t\t<img fetchpriority=\"high\" decoding=\"async\" width=\"750\" height=\"500\" src=\"https:\/\/tourismer-asso.org\/wp-content\/uploads\/2025\/11\/soweto-choir-ef-france-2025.jpg\" class=\"attachment-large size-large wp-image-7645\" alt=\"\" srcset=\"https:\/\/tourismer-asso.org\/wp-content\/uploads\/2025\/11\/soweto-choir-ef-france-2025.jpg 750w, https:\/\/tourismer-asso.org\/wp-content\/uploads\/2025\/11\/soweto-choir-ef-france-2025-300x200.jpg 300w, https:\/\/tourismer-asso.org\/wp-content\/uploads\/2025\/11\/soweto-choir-ef-france-2025-18x12.jpg 18w\" sizes=\"(max-width: 750px) 100vw, 750px\" \/>\t\t\t\t\t\t\t\t\t\t\t\t\t\t\t<\/div>\n\t\t\t\t<\/div>\n\t\t\t\t\t<\/div>\n\t\t\t\t<\/div>\n\t\t\t\t<\/div>","protected":false},"excerpt":{"rendered":"<p>Venez vibrer au rythme des chants traditionnels d\u2019Afrique du Sud avec le Soweto Choir, une chorale engag\u00e9e qui porte un message de paix, d\u2019espoir et d\u2019unit\u00e9, h\u00e9rit\u00e9e des valeurs de Nelson Mandela. Fond\u00e9 par Jimmy Mulovhedzi, fils du cr\u00e9ateur du Soweto Gospel Choir (multi-prim\u00e9 aux Grammy Awards), l\u2019ensemble transmet une \u00e9nergie bouleversante m\u00ealant voix, percussions et danses. Rendez-vous : 24 novembre \u2013 19h30 : Atelier de chants \u00e0 Chabeuil 26 novembre \u2013 20h00 : Concert au Temple de Portes-l\u00e8s-Valence 20 d\u00e9cembre \u2013 20h30 : Grand concert \u00e0 la Salle des f\u00eates de Suresnes Un tourbillon de joie, de culture et d\u2019\u00e9motions \u00e0 ne pas manquer !<\/p>","protected":false},"author":1,"featured_media":7643,"comment_status":"open","ping_status":"open","sticky":false,"template":"","format":"standard","meta":{"footnotes":""},"categories":[26],"tags":[32],"class_list":["post-7642","post","type-post","status-publish","format-standard","has-post-thumbnail","hentry","category-chant","tag-afrique-du-sud"],"_links":{"self":[{"href":"https:\/\/tourismer-asso.org\/en\/wp-json\/wp\/v2\/posts\/7642","targetHints":{"allow":["GET"]}}],"collection":[{"href":"https:\/\/tourismer-asso.org\/en\/wp-json\/wp\/v2\/posts"}],"about":[{"href":"https:\/\/tourismer-asso.org\/en\/wp-json\/wp\/v2\/types\/post"}],"author":[{"embeddable":true,"href":"https:\/\/tourismer-asso.org\/en\/wp-json\/wp\/v2\/users\/1"}],"replies":[{"embeddable":true,"href":"https:\/\/tourismer-asso.org\/en\/wp-json\/wp\/v2\/comments?post=7642"}],"version-history":[{"count":0,"href":"https:\/\/tourismer-asso.org\/en\/wp-json\/wp\/v2\/posts\/7642\/revisions"}],"wp:featuredmedia":[{"embeddable":true,"href":"https:\/\/tourismer-asso.org\/en\/wp-json\/wp\/v2\/media\/7643"}],"wp:attachment":[{"href":"https:\/\/tourismer-asso.org\/en\/wp-json\/wp\/v2\/media?parent=7642"}],"wp:term":[{"taxonomy":"category","embeddable":true,"href":"https:\/\/tourismer-asso.org\/en\/wp-json\/wp\/v2\/categories?post=7642"},{"taxonomy":"post_tag","embeddable":true,"href":"https:\/\/tourismer-asso.org\/en\/wp-json\/wp\/v2\/tags?post=7642"}],"curies":[{"name":"wp","href":"https:\/\/api.w.org\/{rel}","templated":true}]}}