{"id":7649,"date":"2025-11-22T22:48:00","date_gmt":"2025-11-22T21:48:00","guid":{"rendered":"https:\/\/tourismer-asso.org\/?p=7649"},"modified":"2025-11-22T22:48:02","modified_gmt":"2025-11-22T21:48:02","slug":"mozambique-mario-macilau-un-photographe-qui-sattache-a-montrer-les-realites-sociales-et-economiques-de-son-pays","status":"publish","type":"post","link":"https:\/\/tourismer-asso.org\/en\/mozambique-mario-macilau-un-photographe-qui-sattache-a-montrer-les-realites-sociales-et-economiques-de-son-pays\/","title":{"rendered":"Mozambique : M\u00e1rio Macilau  un photographe qui s\u2019attache \u00e0 montrer les r\u00e9alit\u00e9s sociales et \u00e9conomiques de son pays."},"content":{"rendered":"<p>La d\u00e9marche de l\u2019artiste, qui associe investigation sociologique et distanciation, tout en conservant de l\u2019empathie pour ses sujets s\u2019appuie sur des th\u00e8mes r\u00e9currents, l\u2019identit\u00e9, la m\u00e9moire, les injustices, l\u2019environnement\u2026<\/p>\n\n\n\n<p>L\u2019intention de l\u2019artiste n\u2019est pas uniquement de r\u00e9aliser un portrait, mais aussi d\u2019\u00e9voquer \u00e0 travers une personne des groupes marginalis\u00e9s qui survivent dans l\u2019ombre, dans la pr\u00e9carit\u00e9 et de leur donner de la visibilit\u00e9.<\/p>\n\n\n\n<p>\u00c0 travers ses clich\u00e9s photographiques, M\u00e1rio Macilau montre les r\u00e9alit\u00e9s sociales et \u00e9conomiques de son pays pour r\u00e9veiller les consciences bien au-del\u00e0 de ce territoire o\u00f9 il a cr\u00e9\u00e9 <em>Walking together<\/em>, une organisation ayant pour but d\u2019aider les filles et les femmes \u00e0 acc\u00e9der \u00e0 l\u2019\u00e9ducation et \u00e0 la formation au Mozambique.<\/p>\n\n\n\n<p><em>Le photographe mozambicain M\u00e1rio Macilau a \u00e9t\u00e9  l&rsquo;un des temps forts de la 10e \u00e9dition anniversaire d&rsquo;AKAA \u2013 Also Known As Africa (l&rsquo;une des principales foires d&rsquo;art contemporain et de design africain, qui se d\u00e9roulera ce week-end \u00e0 Paris, ont annonc\u00e9 hier les organisateurs. \u00ab\u00a0L&rsquo;image de l&rsquo;affiche, repr\u00e9sentant une \u0153uvre de Macilau, repr\u00e9sente non seulement son esth\u00e9tique visuelle profond\u00e9ment reconnaissable, mais aussi l&rsquo;engagement \u00e9thique et po\u00e9tique qui sous-tend sa pratique artistique\u00a0\u00bb, d\u00e9clarent les organisateurs de l&rsquo;AKAA dans un communiqu\u00e9.<\/em><\/p>\n\n\n\n<figure class=\"wp-block-image size-full\"><img fetchpriority=\"high\" decoding=\"async\" width=\"801\" height=\"495\" src=\"https:\/\/tourismer-asso.org\/wp-content\/uploads\/2025\/11\/image-1.png\" alt=\"\" class=\"wp-image-7652\" srcset=\"https:\/\/tourismer-asso.org\/wp-content\/uploads\/2025\/11\/image-1.png 801w, https:\/\/tourismer-asso.org\/wp-content\/uploads\/2025\/11\/image-1-300x185.png 300w, https:\/\/tourismer-asso.org\/wp-content\/uploads\/2025\/11\/image-1-768x475.png 768w, https:\/\/tourismer-asso.org\/wp-content\/uploads\/2025\/11\/image-1-18x12.png 18w\" sizes=\"(max-width: 801px) 100vw, 801px\" \/><\/figure>\n\n\n\n<p><em><br><\/em><\/p>\n\n\n\n<p><\/p>","protected":false},"excerpt":{"rendered":"<p>La d\u00e9marche de l\u2019artiste, qui associe investigation sociologique et distanciation, tout en conservant de l\u2019empathie pour ses sujets s\u2019appuie sur des th\u00e8mes r\u00e9currents, l\u2019identit\u00e9, la m\u00e9moire, les injustices, l\u2019environnement\u2026 L\u2019intention de l\u2019artiste n\u2019est pas uniquement de r\u00e9aliser un portrait, mais aussi d\u2019\u00e9voquer \u00e0 travers une personne des groupes marginalis\u00e9s qui survivent dans l\u2019ombre, dans la pr\u00e9carit\u00e9 et de leur donner de la visibilit\u00e9. \u00c0 travers ses clich\u00e9s photographiques, M\u00e1rio Macilau montre les r\u00e9alit\u00e9s sociales et \u00e9conomiques de son pays pour r\u00e9veiller les consciences bien au-del\u00e0 de ce territoire o\u00f9 il a cr\u00e9\u00e9 Walking together, une organisation ayant pour but d\u2019aider les filles et les femmes \u00e0 acc\u00e9der \u00e0 l\u2019\u00e9ducation et \u00e0 la formation au Mozambique. Le photographe mozambicain M\u00e1rio Macilau a \u00e9t\u00e9 l&rsquo;un des temps forts de la 10e \u00e9dition anniversaire d&rsquo;AKAA \u2013 Also Known As Africa (l&rsquo;une des principales foires d&rsquo;art contemporain et de design africain, qui se d\u00e9roulera ce week-end \u00e0 Paris, ont annonc\u00e9 hier les organisateurs. \u00ab\u00a0L&rsquo;image de l&rsquo;affiche, repr\u00e9sentant une \u0153uvre de Macilau, repr\u00e9sente non seulement son esth\u00e9tique visuelle profond\u00e9ment reconnaissable, mais aussi l&rsquo;engagement \u00e9thique et po\u00e9tique qui sous-tend sa pratique artistique\u00a0\u00bb, d\u00e9clarent les organisateurs de l&rsquo;AKAA dans un communiqu\u00e9.<\/p>","protected":false},"author":2,"featured_media":7651,"comment_status":"open","ping_status":"open","sticky":false,"template":"","format":"standard","meta":{"footnotes":""},"categories":[12,24],"tags":[40],"class_list":["post-7649","post","type-post","status-publish","format-standard","has-post-thumbnail","hentry","category-actualites-culturelles-ocean-indien","category-photo","tag-mozambique"],"_links":{"self":[{"href":"https:\/\/tourismer-asso.org\/en\/wp-json\/wp\/v2\/posts\/7649","targetHints":{"allow":["GET"]}}],"collection":[{"href":"https:\/\/tourismer-asso.org\/en\/wp-json\/wp\/v2\/posts"}],"about":[{"href":"https:\/\/tourismer-asso.org\/en\/wp-json\/wp\/v2\/types\/post"}],"author":[{"embeddable":true,"href":"https:\/\/tourismer-asso.org\/en\/wp-json\/wp\/v2\/users\/2"}],"replies":[{"embeddable":true,"href":"https:\/\/tourismer-asso.org\/en\/wp-json\/wp\/v2\/comments?post=7649"}],"version-history":[{"count":0,"href":"https:\/\/tourismer-asso.org\/en\/wp-json\/wp\/v2\/posts\/7649\/revisions"}],"wp:featuredmedia":[{"embeddable":true,"href":"https:\/\/tourismer-asso.org\/en\/wp-json\/wp\/v2\/media\/7651"}],"wp:attachment":[{"href":"https:\/\/tourismer-asso.org\/en\/wp-json\/wp\/v2\/media?parent=7649"}],"wp:term":[{"taxonomy":"category","embeddable":true,"href":"https:\/\/tourismer-asso.org\/en\/wp-json\/wp\/v2\/categories?post=7649"},{"taxonomy":"post_tag","embeddable":true,"href":"https:\/\/tourismer-asso.org\/en\/wp-json\/wp\/v2\/tags?post=7649"}],"curies":[{"name":"wp","href":"https:\/\/api.w.org\/{rel}","templated":true}]}}