{"id":9008,"date":"2026-04-29T11:25:31","date_gmt":"2026-04-29T09:25:31","guid":{"rendered":"https:\/\/tourismer-asso.org\/?p=9008"},"modified":"2026-04-29T11:27:38","modified_gmt":"2026-04-29T09:27:38","slug":"mulhouse-celebre-madagascar-a-travers-un-week-end-dedie-a-sa-culture-et-sa-biodiversite","status":"publish","type":"post","link":"https:\/\/tourismer-asso.org\/en\/mulhouse-celebre-madagascar-a-travers-un-week-end-dedie-a-sa-culture-et-sa-biodiversite\/","title":{"rendered":"Mulhouse c\u00e9l\u00e8bre Madagascar \u00e0 travers un week-end d\u00e9di\u00e9 \u00e0 sa culture et sa biodiversit\u00e9"},"content":{"rendered":"<div data-elementor-type=\"wp-post\" data-elementor-id=\"9008\" class=\"elementor elementor-9008\">\n\t\t\t\t<div class=\"elementor-element elementor-element-edd936d e-flex e-con-boxed wpr-particle-no wpr-jarallax-no wpr-parallax-no wpr-sticky-section-no wpr-equal-height-no e-con e-parent\" data-id=\"edd936d\" data-element_type=\"container\" data-e-type=\"container\">\n\t\t\t\t\t<div class=\"e-con-inner\">\n\t\t\t\t<div class=\"elementor-element elementor-element-d5296a8 elementor-widget elementor-widget-text-editor\" data-id=\"d5296a8\" data-element_type=\"widget\" data-e-type=\"widget\" data-widget_type=\"text-editor.default\">\n\t\t\t\t<div class=\"elementor-widget-container\">\n\t\t\t\t\t\t\t\t\t<p data-start=\"0\" data-end=\"310\">Le <span class=\"hover:entity-accent entity-underline inline cursor-pointer align-baseline\"><span class=\"whitespace-normal\">Parc Zoologique &amp; Botanique de Mulhouse<\/span><\/span> a c\u00e9l\u00e9br\u00e9 Madagascar les 25 et 26 avril 2026 \u00e0 travers un \u00e9v\u00e9nement immersif d\u00e9di\u00e9 \u00e0 la richesse culturelle et \u00e0 la biodiversit\u00e9 de l\u2019\u00eele. Pendant deux jours, les visiteurs ont \u00e9t\u00e9 invit\u00e9s \u00e0 un v\u00e9ritable voyage m\u00ealant d\u00e9couvertes, sensibilisation et moments de partage.<\/p><p data-start=\"312\" data-end=\"583\">Au programme : animations culturelles, musiques, danses traditionnelles, d\u00e9gustations de sp\u00e9cialit\u00e9s malgaches et ateliers participatifs, ainsi que des temps d\u00e9di\u00e9s \u00e0 la d\u00e9couverte des esp\u00e8ces embl\u00e9matiques pr\u00e9sentes au parc, comme les l\u00e9muriens et les tortues rayonn\u00e9es.<\/p><p data-start=\"585\" data-end=\"935\" data-is-last-node=\"\" data-is-only-node=\"\">L\u2019\u00e9v\u00e9nement a \u00e9galement permis de mieux comprendre les enjeux li\u00e9s \u00e0 la pr\u00e9servation de la biodiversit\u00e9 malgache et les d\u00e9fis auxquels font face les populations locales. \u00c0 travers cette initiative, le parc a r\u00e9affirm\u00e9 son engagement en faveur de la conservation et de l\u2019\u00e9ducation, tout en offrant au public une exp\u00e9rience conviviale et enrichissante.<\/p><p data-start=\"585\" data-end=\"935\" data-is-last-node=\"\" data-is-only-node=\"\">Plus d&rsquo;information sur : <em>www.zoo-mulhouse.com\/evenements\/madagascar-en-fete-2026\/<\/em><\/p>\t\t\t\t\t\t\t\t<\/div>\n\t\t\t\t<\/div>\n\t\t\t\t\t<\/div>\n\t\t\t\t<\/div>\n\t\t<div class=\"elementor-element elementor-element-100bb69 e-flex e-con-boxed wpr-particle-no wpr-jarallax-no wpr-parallax-no wpr-sticky-section-no wpr-equal-height-no e-con e-parent\" data-id=\"100bb69\" data-element_type=\"container\" data-e-type=\"container\">\n\t\t\t\t\t<div class=\"e-con-inner\">\n\t\t\t\t<div class=\"elementor-element elementor-element-b3921f0 elementor-widget elementor-widget-image\" data-id=\"b3921f0\" data-element_type=\"widget\" data-e-type=\"widget\" data-widget_type=\"image.default\">\n\t\t\t\t<div class=\"elementor-widget-container\">\n\t\t\t\t\t\t\t\t\t\t\t\t\t\t\t<img fetchpriority=\"high\" decoding=\"async\" width=\"688\" height=\"688\" src=\"https:\/\/tourismer-asso.org\/wp-content\/uploads\/2026\/04\/Madagascar-en-fete.png\" class=\"attachment-large size-large wp-image-9011\" alt=\"\" srcset=\"https:\/\/tourismer-asso.org\/wp-content\/uploads\/2026\/04\/Madagascar-en-fete.png 688w, https:\/\/tourismer-asso.org\/wp-content\/uploads\/2026\/04\/Madagascar-en-fete-300x300.png 300w, https:\/\/tourismer-asso.org\/wp-content\/uploads\/2026\/04\/Madagascar-en-fete-150x150.png 150w, https:\/\/tourismer-asso.org\/wp-content\/uploads\/2026\/04\/Madagascar-en-fete-12x12.png 12w\" sizes=\"(max-width: 688px) 100vw, 688px\" \/>\t\t\t\t\t\t\t\t\t\t\t\t\t\t\t<\/div>\n\t\t\t\t<\/div>\n\t\t\t\t\t<\/div>\n\t\t\t\t<\/div>\n\t\t\t\t<\/div>","protected":false},"excerpt":{"rendered":"<p>Le Parc Zoologique &amp; Botanique de Mulhouse a c\u00e9l\u00e9br\u00e9 Madagascar les 25 et 26 avril 2026 \u00e0 travers un \u00e9v\u00e9nement immersif d\u00e9di\u00e9 \u00e0 la richesse culturelle et \u00e0 la biodiversit\u00e9 de l\u2019\u00eele. Pendant deux jours, les visiteurs ont \u00e9t\u00e9 invit\u00e9s \u00e0 un v\u00e9ritable voyage m\u00ealant d\u00e9couvertes, sensibilisation et moments de partage. Au programme : animations culturelles, musiques, danses traditionnelles, d\u00e9gustations de sp\u00e9cialit\u00e9s malgaches et ateliers participatifs, ainsi que des temps d\u00e9di\u00e9s \u00e0 la d\u00e9couverte des esp\u00e8ces embl\u00e9matiques pr\u00e9sentes au parc, comme les l\u00e9muriens et les tortues rayonn\u00e9es. L\u2019\u00e9v\u00e9nement a \u00e9galement permis de mieux comprendre les enjeux li\u00e9s \u00e0 la pr\u00e9servation de la biodiversit\u00e9 malgache et les d\u00e9fis auxquels font face les populations locales. \u00c0 travers cette initiative, le parc a r\u00e9affirm\u00e9 son engagement en faveur de la conservation et de l\u2019\u00e9ducation, tout en offrant au public une exp\u00e9rience conviviale et enrichissante. Plus d&rsquo;information sur : www.zoo-mulhouse.com\/evenements\/madagascar-en-fete-2026\/<\/p>","protected":false},"author":1,"featured_media":9009,"comment_status":"open","ping_status":"open","sticky":false,"template":"","format":"standard","meta":{"footnotes":""},"categories":[12,75],"tags":[34],"class_list":["post-9008","post","type-post","status-publish","format-standard","has-post-thumbnail","hentry","category-actualites-culturelles-ocean-indien","category-association","tag-madagascar"],"_links":{"self":[{"href":"https:\/\/tourismer-asso.org\/en\/wp-json\/wp\/v2\/posts\/9008","targetHints":{"allow":["GET"]}}],"collection":[{"href":"https:\/\/tourismer-asso.org\/en\/wp-json\/wp\/v2\/posts"}],"about":[{"href":"https:\/\/tourismer-asso.org\/en\/wp-json\/wp\/v2\/types\/post"}],"author":[{"embeddable":true,"href":"https:\/\/tourismer-asso.org\/en\/wp-json\/wp\/v2\/users\/1"}],"replies":[{"embeddable":true,"href":"https:\/\/tourismer-asso.org\/en\/wp-json\/wp\/v2\/comments?post=9008"}],"version-history":[{"count":4,"href":"https:\/\/tourismer-asso.org\/en\/wp-json\/wp\/v2\/posts\/9008\/revisions"}],"predecessor-version":[{"id":9014,"href":"https:\/\/tourismer-asso.org\/en\/wp-json\/wp\/v2\/posts\/9008\/revisions\/9014"}],"wp:featuredmedia":[{"embeddable":true,"href":"https:\/\/tourismer-asso.org\/en\/wp-json\/wp\/v2\/media\/9009"}],"wp:attachment":[{"href":"https:\/\/tourismer-asso.org\/en\/wp-json\/wp\/v2\/media?parent=9008"}],"wp:term":[{"taxonomy":"category","embeddable":true,"href":"https:\/\/tourismer-asso.org\/en\/wp-json\/wp\/v2\/categories?post=9008"},{"taxonomy":"post_tag","embeddable":true,"href":"https:\/\/tourismer-asso.org\/en\/wp-json\/wp\/v2\/tags?post=9008"}],"curies":[{"name":"wp","href":"https:\/\/api.w.org\/{rel}","templated":true}]}}