{"id":9508,"date":"2026-09-01T20:07:22","date_gmt":"2026-09-01T18:07:22","guid":{"rendered":"https:\/\/tourismer-asso.org\/?p=9508"},"modified":"2026-09-01T20:13:28","modified_gmt":"2026-09-01T18:13:28","slug":"la-reunion-a-decouvrir-a-travers-le-festival-mois-kreyol","status":"publish","type":"post","link":"https:\/\/tourismer-asso.org\/en\/la-reunion-a-decouvrir-a-travers-le-festival-mois-kreyol\/","title":{"rendered":"La R\u00e9union \u00e0 d\u00e9couvrir \u00e0 travers le Festival Mois Kr\u00e9yol"},"content":{"rendered":"<div data-elementor-type=\"wp-post\" data-elementor-id=\"9508\" class=\"elementor elementor-9508\">\n\t\t\t\t<div class=\"elementor-element elementor-element-8178510 e-flex e-con-boxed wpr-particle-no wpr-jarallax-no wpr-parallax-no wpr-sticky-section-no wpr-column-slider-no wpr-equal-height-no e-con e-parent\" data-id=\"8178510\" data-element_type=\"container\" data-e-type=\"container\">\n\t\t\t\t\t<div class=\"e-con-inner\">\n\t\t\t\t<div class=\"elementor-element elementor-element-a838c43 elementor-widget elementor-widget-text-editor\" data-id=\"a838c43\" data-element_type=\"widget\" data-e-type=\"widget\" data-widget_type=\"text-editor.default\">\n\t\t\t\t<div class=\"elementor-widget-container\">\n\t\t\t\t\t\t\t\t\t<p class=\"isSelectedEnd\">Et si le Festival Mois Kr\u00e9yol devenait une premi\u00e8re escale vers La R\u00e9union ? Du 22 septembre au 6 d\u00e9cembre 2026, sa programmation invite \u00e0 d\u00e9couvrir l\u2019\u00eele autrement, \u00e0 travers ses artistes, ses rythmes, son histoire et ses multiples h\u00e9ritages.<\/p><p class=\"isSelectedEnd\">Pour sa 10e \u00e9dition, plac\u00e9e sous le th\u00e8me \u00ab Marronnage et cr\u00e9ation \u00bb, le Festival Mois Kr\u00e9yol c\u00e9l\u00e8bre la diversit\u00e9 des cultures cr\u00e9oles \u00e0 travers la musique, la danse, le th\u00e9\u00e2tre, le conte, les expositions et les rencontres.<\/p><p class=\"isSelectedEnd\">Parmi les cultures mises en lumi\u00e8re, La R\u00e9union se d\u00e9voile loin des clich\u00e9s de carte postale. Si l\u2019\u00eele est c\u00e9l\u00e8bre pour ses cirques, ses cascades et son volcan, elle poss\u00e8de aussi un patrimoine culturel particuli\u00e8rement riche, fa\u00e7onn\u00e9 par les influences africaines, malgaches, europ\u00e9ennes, indiennes, chinoises et plus largement de l\u2019oc\u00e9an Indien.<\/p><h4>La R\u00e9union racont\u00e9e sur sc\u00e8ne<\/h4><p class=\"isSelectedEnd\">Plusieurs rendez-vous permettent d\u2019approcher cette histoire. \u00ab 3 op\u00e9ras d\u2019Outre-Mer \u00bb, pr\u00e9sent\u00e9 \u00e0 l\u2019Op\u00e9ra de Massy, propose notamment un voyage \u00e0 travers diff\u00e9rentes p\u00e9riodes de l\u2019histoire r\u00e9unionnaise, port\u00e9 par des influences musicales de l\u2019oc\u00e9an Indien.<\/p><p class=\"isSelectedEnd\">Avec \u00ab La bou sou la po \u00bb, la Compagnie Lolita Monga explore quant \u00e0 elle le corps, les identit\u00e9s et les traces laiss\u00e9es par la m\u00e9moire r\u00e9unionnaise.<\/p><p class=\"isSelectedEnd\">La musique constitue une autre porte d\u2019entr\u00e9e vers l\u2019\u00eele. Le maloya, expression embl\u00e9matique de La R\u00e9union, mais aussi le kayanm, instrument indissociable de cette tradition musicale, permettent de d\u00e9couvrir une culture profond\u00e9ment li\u00e9e \u00e0 la transmission et \u00e0 la m\u00e9moire.<\/p><h4>An invitation to travel<\/h4><p class=\"isSelectedEnd\">\u00c0 travers ces cr\u00e9ations, le Festival Mois Kr\u00e9yol offre ainsi un premier voyage culturel vers La R\u00e9union. Une mani\u00e8re d\u2019\u00e9couter ses rythmes, de rencontrer ses artistes et de mieux comprendre les histoires qui ont fa\u00e7onn\u00e9 l\u2019\u00eele.<\/p><p class=\"isSelectedEnd\">Une premi\u00e8re escale qui pourrait bien donner envie de poursuivre le voyage jusqu\u2019au c\u0153ur de l\u2019oc\u00e9an Indien et de d\u00e9couvrir La R\u00e9union, cette fois sur ses terres.<\/p><p>\ud83d\udcc5 <a href=\"https:\/\/www.lemoiskreyol.fr\/\" target=\"_blank\" rel=\"noopener\">Festival Mois Kr\u00e9yol<\/a> : du 22 septembre au 6 d\u00e9cembre 2026<\/p>\t\t\t\t\t\t\t\t<\/div>\n\t\t\t\t<\/div>\n\t\t\t\t\t<\/div>\n\t\t\t\t<\/div>\n\t\t<div class=\"elementor-element elementor-element-82852ae e-flex e-con-boxed wpr-particle-no wpr-jarallax-no wpr-parallax-no wpr-sticky-section-no wpr-column-slider-no wpr-equal-height-no e-con e-parent\" data-id=\"82852ae\" data-element_type=\"container\" data-e-type=\"container\">\n\t\t\t\t\t<div class=\"e-con-inner\">\n\t\t\t\t<div class=\"elementor-element elementor-element-fa8c30f elementor-widget elementor-widget-image\" data-id=\"fa8c30f\" data-element_type=\"widget\" data-e-type=\"widget\" data-widget_type=\"image.default\">\n\t\t\t\t<div class=\"elementor-widget-container\">\n\t\t\t\t\t\t\t\t\t\t\t\t\t\t\t<img fetchpriority=\"high\" decoding=\"async\" width=\"750\" height=\"750\" src=\"https:\/\/tourismer-asso.org\/wp-content\/uploads\/2026\/09\/mois-kreol-2026-1.jpg\" class=\"attachment-large size-large wp-image-9511\" alt=\"\" srcset=\"https:\/\/tourismer-asso.org\/wp-content\/uploads\/2026\/09\/mois-kreol-2026-1.jpg 750w, https:\/\/tourismer-asso.org\/wp-content\/uploads\/2026\/09\/mois-kreol-2026-1-300x300.jpg 300w, https:\/\/tourismer-asso.org\/wp-content\/uploads\/2026\/09\/mois-kreol-2026-1-150x150.jpg 150w, https:\/\/tourismer-asso.org\/wp-content\/uploads\/2026\/09\/mois-kreol-2026-1-12x12.jpg 12w\" sizes=\"(max-width: 750px) 100vw, 750px\" \/>\t\t\t\t\t\t\t\t\t\t\t\t\t\t\t<\/div>\n\t\t\t\t<\/div>\n\t\t\t\t\t<\/div>\n\t\t\t\t<\/div>\n\t\t\t\t<\/div>","protected":false},"excerpt":{"rendered":"<p>Et si le Festival Mois Kr\u00e9yol devenait une premi\u00e8re escale vers La R\u00e9union ? Du 22 septembre au 6 d\u00e9cembre 2026, sa programmation invite \u00e0 d\u00e9couvrir l\u2019\u00eele autrement, \u00e0 travers ses artistes, ses rythmes, son histoire et ses multiples h\u00e9ritages. Pour sa 10e \u00e9dition, plac\u00e9e sous le th\u00e8me \u00ab Marronnage et cr\u00e9ation \u00bb, le Festival Mois Kr\u00e9yol c\u00e9l\u00e8bre la diversit\u00e9 des cultures cr\u00e9oles \u00e0 travers la musique, la danse, le th\u00e9\u00e2tre, le conte, les expositions et les rencontres. Parmi les cultures mises en lumi\u00e8re, La R\u00e9union se d\u00e9voile loin des clich\u00e9s de carte postale. Si l\u2019\u00eele est c\u00e9l\u00e8bre pour ses cirques, ses cascades et son volcan, elle poss\u00e8de aussi un patrimoine culturel particuli\u00e8rement riche, fa\u00e7onn\u00e9 par les influences africaines, malgaches, europ\u00e9ennes, indiennes, chinoises et plus largement de l\u2019oc\u00e9an Indien. La R\u00e9union racont\u00e9e sur sc\u00e8ne Plusieurs rendez-vous permettent d\u2019approcher cette histoire. \u00ab 3 op\u00e9ras d\u2019Outre-Mer \u00bb, pr\u00e9sent\u00e9 \u00e0 l\u2019Op\u00e9ra de Massy, propose notamment un voyage \u00e0 travers diff\u00e9rentes p\u00e9riodes de l\u2019histoire r\u00e9unionnaise, port\u00e9 par des influences musicales de l\u2019oc\u00e9an Indien. Avec \u00ab La bou sou la po \u00bb, la Compagnie Lolita Monga explore quant \u00e0 elle le corps, les identit\u00e9s et les traces laiss\u00e9es par la m\u00e9moire r\u00e9unionnaise. La musique constitue une autre porte d\u2019entr\u00e9e vers l\u2019\u00eele. Le maloya, expression embl\u00e9matique de La R\u00e9union, mais aussi le kayanm, instrument indissociable de cette tradition musicale, permettent de d\u00e9couvrir une culture profond\u00e9ment li\u00e9e \u00e0 la transmission et \u00e0 la m\u00e9moire. Une invitation au voyage \u00c0 travers ces cr\u00e9ations, le Festival Mois Kr\u00e9yol offre ainsi un premier voyage culturel vers La R\u00e9union. Une mani\u00e8re d\u2019\u00e9couter ses rythmes, de rencontrer ses artistes et de mieux comprendre les histoires qui ont fa\u00e7onn\u00e9 l\u2019\u00eele. Une premi\u00e8re escale qui pourrait bien donner envie de poursuivre le voyage jusqu\u2019au c\u0153ur de l\u2019oc\u00e9an Indien et de d\u00e9couvrir La R\u00e9union, cette fois sur ses terres. \ud83d\udcc5 Festival Mois Kr\u00e9yol : du 22 septembre au 6 d\u00e9cembre 2026<\/p>","protected":false},"author":1,"featured_media":9509,"comment_status":"open","ping_status":"open","sticky":false,"template":"","format":"standard","meta":{"footnotes":""},"categories":[6,26,9,14,16],"tags":[],"class_list":["post-9508","post","type-post","status-publish","format-standard","has-post-thumbnail","hentry","category-theatre","category-chant","category-danse","category-litterature","category-musique"],"_links":{"self":[{"href":"https:\/\/tourismer-asso.org\/en\/wp-json\/wp\/v2\/posts\/9508","targetHints":{"allow":["GET"]}}],"collection":[{"href":"https:\/\/tourismer-asso.org\/en\/wp-json\/wp\/v2\/posts"}],"about":[{"href":"https:\/\/tourismer-asso.org\/en\/wp-json\/wp\/v2\/types\/post"}],"author":[{"embeddable":true,"href":"https:\/\/tourismer-asso.org\/en\/wp-json\/wp\/v2\/users\/1"}],"replies":[{"embeddable":true,"href":"https:\/\/tourismer-asso.org\/en\/wp-json\/wp\/v2\/comments?post=9508"}],"version-history":[{"count":7,"href":"https:\/\/tourismer-asso.org\/en\/wp-json\/wp\/v2\/posts\/9508\/revisions"}],"predecessor-version":[{"id":9517,"href":"https:\/\/tourismer-asso.org\/en\/wp-json\/wp\/v2\/posts\/9508\/revisions\/9517"}],"wp:featuredmedia":[{"embeddable":true,"href":"https:\/\/tourismer-asso.org\/en\/wp-json\/wp\/v2\/media\/9509"}],"wp:attachment":[{"href":"https:\/\/tourismer-asso.org\/en\/wp-json\/wp\/v2\/media?parent=9508"}],"wp:term":[{"taxonomy":"category","embeddable":true,"href":"https:\/\/tourismer-asso.org\/en\/wp-json\/wp\/v2\/categories?post=9508"},{"taxonomy":"post_tag","embeddable":true,"href":"https:\/\/tourismer-asso.org\/en\/wp-json\/wp\/v2\/tags?post=9508"}],"curies":[{"name":"wp","href":"https:\/\/api.w.org\/{rel}","templated":true}]}}