{"id":9534,"date":"2026-09-02T23:26:33","date_gmt":"2026-09-02T21:26:33","guid":{"rendered":"https:\/\/tourismer-asso.org\/?p=9534"},"modified":"2026-09-02T23:29:40","modified_gmt":"2026-09-02T21:29:40","slug":"journee-interculturelle-a-chevilly-larue-a-la-decouverte-des-comores","status":"publish","type":"post","link":"https:\/\/tourismer-asso.org\/en\/journee-interculturelle-a-chevilly-larue-a-la-decouverte-des-comores\/","title":{"rendered":"Journ\u00e9e interculturelle \u00e0 Chevilly-Larue : \u00e0 la d\u00e9couverte des Comores"},"content":{"rendered":"<div data-elementor-type=\"wp-post\" data-elementor-id=\"9534\" class=\"elementor elementor-9534\">\n\t\t\t\t<div class=\"elementor-element elementor-element-f92a585 e-flex e-con-boxed wpr-particle-no wpr-jarallax-no wpr-parallax-no wpr-sticky-section-no wpr-column-slider-no wpr-equal-height-no e-con e-parent\" data-id=\"f92a585\" data-element_type=\"container\" data-e-type=\"container\">\n\t\t\t\t\t<div class=\"e-con-inner\">\n\t\t\t\t<div class=\"elementor-element elementor-element-134892e elementor-widget elementor-widget-text-editor\" data-id=\"134892e\" data-element_type=\"widget\" data-e-type=\"widget\" data-widget_type=\"text-editor.default\">\n\t\t\t\t<div class=\"elementor-widget-container\">\n\t\t\t\t\t\t\t\t\t<p class=\"isSelectedEnd\">\u00c0 Chevilly-Larue, la Ville vous invite \u00e0 une nouvelle Journ\u00e9e Interculturelle, organis\u00e9e cette ann\u00e9e autour de la d\u00e9couverte de l\u2019archipel des Comores, en partenariat avec les associations chevillaises <strong>Sans-Fil Solidarit\u00e9 France<\/strong> and <strong>l\u2019Association Comorienne de Chevilly-Larue<\/strong>.<\/p><p class=\"isSelectedEnd\">Pens\u00e9e comme une passerelle entre les cultures des pays d\u2019origine et celle du pays d\u2019accueil, cette journ\u00e9e festive et conviviale invite petits et grands \u00e0 se rencontrer, \u00e0 \u00e9changer et \u00e0 d\u00e9couvrir toute la richesse de la culture comorienne.<\/p><p class=\"isSelectedEnd\">Litt\u00e9rature, traditions, cr\u00e9ation artistique, musique et saveurs seront au rendez-vous pour voyager au c\u0153ur des Comores et c\u00e9l\u00e9brer ensemble la diversit\u00e9 culturelle, la transmission et le partage.<\/p><p>\ud83c\uddf0\ud83c\uddf2 <a href=\"https:\/\/www.ville-chevilly-larue.fr\/agenda\/journee-autour-de-la-decouverte-des-comores\/\" target=\"_blank\" rel=\"noopener\">Une belle occasion<\/a> de d\u00e9couvrir les Comores, de s\u2019ouvrir \u00e0 une autre culture et de vivre un moment chaleureux ensemble !<\/p>\t\t\t\t\t\t\t\t<\/div>\n\t\t\t\t<\/div>\n\t\t\t\t\t<\/div>\n\t\t\t\t<\/div>\n\t\t<div class=\"elementor-element elementor-element-ffa77c3 e-flex e-con-boxed wpr-particle-no wpr-jarallax-no wpr-parallax-no wpr-sticky-section-no wpr-column-slider-no wpr-equal-height-no e-con e-parent\" data-id=\"ffa77c3\" data-element_type=\"container\" data-e-type=\"container\">\n\t\t\t\t\t<div class=\"e-con-inner\">\n\t\t\t\t<div class=\"elementor-element elementor-element-dc15b0a elementor-widget elementor-widget-image\" data-id=\"dc15b0a\" data-element_type=\"widget\" data-e-type=\"widget\" data-widget_type=\"image.default\">\n\t\t\t\t<div class=\"elementor-widget-container\">\n\t\t\t\t\t\t\t\t\t\t\t\t\t\t\t<img fetchpriority=\"high\" decoding=\"async\" width=\"800\" height=\"800\" src=\"https:\/\/tourismer-asso.org\/wp-content\/uploads\/2026\/09\/Chevilly-larue-Comores-1.jpg\" class=\"attachment-large size-large wp-image-9537\" alt=\"\" srcset=\"https:\/\/tourismer-asso.org\/wp-content\/uploads\/2026\/09\/Chevilly-larue-Comores-1.jpg 813w, https:\/\/tourismer-asso.org\/wp-content\/uploads\/2026\/09\/Chevilly-larue-Comores-1-300x300.jpg 300w, https:\/\/tourismer-asso.org\/wp-content\/uploads\/2026\/09\/Chevilly-larue-Comores-1-150x150.jpg 150w, https:\/\/tourismer-asso.org\/wp-content\/uploads\/2026\/09\/Chevilly-larue-Comores-1-768x768.jpg 768w, https:\/\/tourismer-asso.org\/wp-content\/uploads\/2026\/09\/Chevilly-larue-Comores-1-12x12.jpg 12w\" sizes=\"(max-width: 800px) 100vw, 800px\" \/>\t\t\t\t\t\t\t\t\t\t\t\t\t\t\t<\/div>\n\t\t\t\t<\/div>\n\t\t\t\t\t<\/div>\n\t\t\t\t<\/div>\n\t\t\t\t<\/div>","protected":false},"excerpt":{"rendered":"<p>\u00c0 Chevilly-Larue, la Ville vous invite \u00e0 une nouvelle Journ\u00e9e Interculturelle, organis\u00e9e cette ann\u00e9e autour de la d\u00e9couverte de l\u2019archipel des Comores, en partenariat avec les associations chevillaises Sans-Fil Solidarit\u00e9 France et l\u2019Association Comorienne de Chevilly-Larue. Pens\u00e9e comme une passerelle entre les cultures des pays d\u2019origine et celle du pays d\u2019accueil, cette journ\u00e9e festive et conviviale invite petits et grands \u00e0 se rencontrer, \u00e0 \u00e9changer et \u00e0 d\u00e9couvrir toute la richesse de la culture comorienne. Litt\u00e9rature, traditions, cr\u00e9ation artistique, musique et saveurs seront au rendez-vous pour voyager au c\u0153ur des Comores et c\u00e9l\u00e9brer ensemble la diversit\u00e9 culturelle, la transmission et le partage. \ud83c\uddf0\ud83c\uddf2 Une belle occasion de d\u00e9couvrir les Comores, de s\u2019ouvrir \u00e0 une autre culture et de vivre un moment chaleureux ensemble !<\/p>","protected":false},"author":1,"featured_media":9535,"comment_status":"open","ping_status":"open","sticky":false,"template":"","format":"standard","meta":{"footnotes":""},"categories":[12,10,75],"tags":[52],"class_list":["post-9534","post","type-post","status-publish","format-standard","has-post-thumbnail","hentry","category-actualites-culturelles-ocean-indien","category-arts-classiques","category-association","tag-comores"],"_links":{"self":[{"href":"https:\/\/tourismer-asso.org\/en\/wp-json\/wp\/v2\/posts\/9534","targetHints":{"allow":["GET"]}}],"collection":[{"href":"https:\/\/tourismer-asso.org\/en\/wp-json\/wp\/v2\/posts"}],"about":[{"href":"https:\/\/tourismer-asso.org\/en\/wp-json\/wp\/v2\/types\/post"}],"author":[{"embeddable":true,"href":"https:\/\/tourismer-asso.org\/en\/wp-json\/wp\/v2\/users\/1"}],"replies":[{"embeddable":true,"href":"https:\/\/tourismer-asso.org\/en\/wp-json\/wp\/v2\/comments?post=9534"}],"version-history":[{"count":7,"href":"https:\/\/tourismer-asso.org\/en\/wp-json\/wp\/v2\/posts\/9534\/revisions"}],"predecessor-version":[{"id":9543,"href":"https:\/\/tourismer-asso.org\/en\/wp-json\/wp\/v2\/posts\/9534\/revisions\/9543"}],"wp:featuredmedia":[{"embeddable":true,"href":"https:\/\/tourismer-asso.org\/en\/wp-json\/wp\/v2\/media\/9535"}],"wp:attachment":[{"href":"https:\/\/tourismer-asso.org\/en\/wp-json\/wp\/v2\/media?parent=9534"}],"wp:term":[{"taxonomy":"category","embeddable":true,"href":"https:\/\/tourismer-asso.org\/en\/wp-json\/wp\/v2\/categories?post=9534"},{"taxonomy":"post_tag","embeddable":true,"href":"https:\/\/tourismer-asso.org\/en\/wp-json\/wp\/v2\/tags?post=9534"}],"curies":[{"name":"wp","href":"https:\/\/api.w.org\/{rel}","templated":true}]}}